{"id":79053,"date":"2024-04-14T19:47:24","date_gmt":"2024-04-14T23:47:24","guid":{"rendered":"https:\/\/www.idealis.cl\/?p=79053"},"modified":"2024-10-29T19:59:41","modified_gmt":"2024-10-29T22:59:41","slug":"guia-salarial-2024","status":"publish","type":"post","link":"https:\/\/www.idealis.cl\/en\/2024\/04\/guia-salarial-2024\/","title":{"rendered":"Guia Salarial 2024"},"content":{"rendered":"<div class=\"wpb-content-wrapper\"><p>[vc_row unlock_row_content=&#8221;yes&#8221; row_height_percent=&#8221;79&#8243; override_padding=&#8221;yes&#8221; h_padding=&#8221;0&#8243; top_padding=&#8221;0&#8243; bottom_padding=&#8221;0&#8243; overlay_alpha=&#8221;50&#8243; equal_height=&#8221;yes&#8221; gutter_size=&#8221;0&#8243; column_width_percent=&#8221;100&#8243; shift_y=&#8221;0&#8243; z_index=&#8221;0&#8243; uncode_shortcode_id=&#8221;210174&#8243;][vc_column column_width_percent=&#8221;100&#8243; gutter_size=&#8221;3&#8243; override_padding=&#8221;yes&#8221; column_padding=&#8221;4&#8243; style=&#8221;dark&#8221; back_color=&#8221;color-154548&#8243; back_image=&#8221;77941&#8243; parallax=&#8221;yes&#8221; overlay_color=&#8221;color-154548&#8243; overlay_alpha=&#8221;90&#8243; shift_x=&#8221;0&#8243; shift_y=&#8221;0&#8243; shift_y_down=&#8221;0&#8243; z_index=&#8221;0&#8243; medium_width=&#8221;0&#8243; mobile_width=&#8221;0&#8243; width=&#8221;1\/2&#8243; uncode_shortcode_id=&#8221;559276&#8243; back_color_type=&#8221;uncode-palette&#8221; overlay_color_type=&#8221;uncode-palette&#8221;][vc_empty_space empty_h=&#8221;1&#8243;][vc_custom_heading text_color=&#8221;color-171261&#8243; heading_semantic=&#8221;h1&#8243; text_font=&#8221;font-582019&#8243; text_size=&#8221;fontsize-160000&#8243; text_weight=&#8221;700&#8243; text_transform=&#8221;uppercase&#8221; text_space=&#8221;fontspace-210350&#8243; uncode_shortcode_id=&#8221;769512&#8243; text_color_type=&#8221;uncode-palette&#8221;]<\/p>\n<p class=\"p1\"><span class=\"s1\">Guia Salarial 2024<\/span><\/p>\n<p>[\/vc_custom_heading][vc_custom_heading text_font=&#8221;font-582019&#8243; text_size=&#8221;fontsize-142436&#8243; text_height=&#8221;fontheight-179065&#8243; uncode_shortcode_id=&#8221;195086&#8243;]\u00bfCu\u00e1nto ganan los<br \/>\n<strong>Gerentes Legales en Chile?<\/strong>[\/vc_custom_heading][vc_custom_heading heading_semantic=&#8221;h4&#8243; text_font=&#8221;font-582019&#8243; text_size=&#8221;h4&#8243; text_weight=&#8221;400&#8243; text_height=&#8221;fontheight-357766&#8243; uncode_shortcode_id=&#8221;403965&#8243;]Idealis, en la versi\u00f3n 2024 de su Gu\u00eda Salarial, presenta informaci\u00f3n actualizada de la remuneraci\u00f3n correspondiente a Gerentes Legales y\/o Chief Legal Officers de empresas nacionales y multinacionales en Chile.<\/p>\n<p><strong>Publicado el 14 de abril del 2024<\/strong>[\/vc_custom_heading][vc_empty_space empty_h=&#8221;1&#8243;][vc_button button_color=&#8221;color-369256&#8243; radius=&#8221;btn-circle&#8221; hover_fx=&#8221;outlined&#8221; border_width=&#8221;0&#8243; link=&#8221;url:https%3A%2F%2Fwww.idealis.cl%2Fguia-salarial%2F&#8221; button_color_type=&#8221;uncode-palette&#8221; uncode_shortcode_id=&#8221;621311&#8243;]Leer m\u00e1s[\/vc_button][\/vc_column][vc_column column_width_percent=&#8221;71&#8243; position_vertical=&#8221;middle&#8221; align_horizontal=&#8221;align_center&#8221; gutter_size=&#8221;0&#8243; override_padding=&#8221;yes&#8221; column_padding=&#8221;0&#8243; style=&#8221;dark&#8221; overlay_color=&#8221;color-lxmt&#8221; overlay_alpha=&#8221;92&#8243; shift_x=&#8221;0&#8243; shift_y=&#8221;0&#8243; shift_y_down=&#8221;0&#8243; z_index=&#8221;0&#8243; medium_width=&#8221;0&#8243; mobile_width=&#8221;0&#8243; width=&#8221;1\/2&#8243; uncode_shortcode_id=&#8221;185819&#8243; overlay_color_type=&#8221;uncode-palette&#8221;][vc_single_image media=&#8221;77843&#8243; media_width_percent=&#8221;100&#8243; uncode_shortcode_id=&#8221;117662&#8243;][\/vc_column][\/vc_row]<\/p>\n<\/div>","protected":false},"excerpt":{"rendered":"<p>Idealis, en la versi\u00f3n 2024 de su Gu\u00eda Salarial, presenta informaci\u00f3n actualizada de la remuneraci\u00f3n correspondiente a Gerentes Legales y\/o Chief Legal Officers de empresas nacionales y multinacionales en Chile.<\/p>\n","protected":false},"author":1,"featured_media":78057,"comment_status":"closed","ping_status":"closed","sticky":false,"template":"","format":"standard","meta":{"footnotes":""},"categories":[73,74],"tags":[],"class_list":["post-79053","post","type-post","status-publish","format-standard","has-post-thumbnail","hentry","category-career","category-salary"],"_links":{"self":[{"href":"https:\/\/www.idealis.cl\/en\/wp-json\/wp\/v2\/posts\/79053","targetHints":{"allow":["GET"]}}],"collection":[{"href":"https:\/\/www.idealis.cl\/en\/wp-json\/wp\/v2\/posts"}],"about":[{"href":"https:\/\/www.idealis.cl\/en\/wp-json\/wp\/v2\/types\/post"}],"author":[{"embeddable":true,"href":"https:\/\/www.idealis.cl\/en\/wp-json\/wp\/v2\/users\/1"}],"replies":[{"embeddable":true,"href":"https:\/\/www.idealis.cl\/en\/wp-json\/wp\/v2\/comments?post=79053"}],"version-history":[{"count":1,"href":"https:\/\/www.idealis.cl\/en\/wp-json\/wp\/v2\/posts\/79053\/revisions"}],"predecessor-version":[{"id":79057,"href":"https:\/\/www.idealis.cl\/en\/wp-json\/wp\/v2\/posts\/79053\/revisions\/79057"}],"wp:featuredmedia":[{"embeddable":true,"href":"https:\/\/www.idealis.cl\/en\/wp-json\/wp\/v2\/media\/78057"}],"wp:attachment":[{"href":"https:\/\/www.idealis.cl\/en\/wp-json\/wp\/v2\/media?parent=79053"}],"wp:term":[{"taxonomy":"category","embeddable":true,"href":"https:\/\/www.idealis.cl\/en\/wp-json\/wp\/v2\/categories?post=79053"},{"taxonomy":"post_tag","embeddable":true,"href":"https:\/\/www.idealis.cl\/en\/wp-json\/wp\/v2\/tags?post=79053"}],"curies":[{"name":"wp","href":"https:\/\/api.w.org\/{rel}","templated":true}]}}