{"id":79779,"date":"2025-09-23T15:48:54","date_gmt":"2025-09-23T18:48:54","guid":{"rendered":"https:\/\/www.idealis.cl\/?p=79779"},"modified":"2025-09-23T16:03:54","modified_gmt":"2025-09-23T19:03:54","slug":"guia-salarial-2025","status":"publish","type":"post","link":"https:\/\/www.idealis.cl\/en\/2025\/09\/guia-salarial-2025\/","title":{"rendered":"Guia Salarial 2025"},"content":{"rendered":"<div class=\"wpb-content-wrapper\"><p>[vc_row unlock_row_content=&#8221;yes&#8221; row_height_percent=&#8221;79&#8243; override_padding=&#8221;yes&#8221; h_padding=&#8221;0&#8243; top_padding=&#8221;0&#8243; bottom_padding=&#8221;0&#8243; overlay_alpha=&#8221;50&#8243; equal_height=&#8221;yes&#8221; gutter_size=&#8221;0&#8243; column_width_percent=&#8221;100&#8243; shift_y=&#8221;0&#8243; z_index=&#8221;0&#8243; uncode_shortcode_id=&#8221;210174&#8243;][vc_column column_width_percent=&#8221;100&#8243; gutter_size=&#8221;3&#8243; override_padding=&#8221;yes&#8221; column_padding=&#8221;4&#8243; style=&#8221;dark&#8221; back_color=&#8221;color-154548&#8243; back_image=&#8221;79203&#8243; parallax=&#8221;yes&#8221; overlay_color=&#8221;color-154548&#8243; overlay_alpha=&#8221;90&#8243; shift_x=&#8221;0&#8243; shift_y=&#8221;0&#8243; shift_y_down=&#8221;0&#8243; z_index=&#8221;0&#8243; medium_width=&#8221;0&#8243; mobile_width=&#8221;0&#8243; width=&#8221;1\/2&#8243; uncode_shortcode_id=&#8221;204245&#8243; back_color_type=&#8221;uncode-palette&#8221; overlay_color_type=&#8221;uncode-palette&#8221;][vc_empty_space empty_h=&#8221;1&#8243;][vc_custom_heading text_color=&#8221;color-171261&#8243; heading_semantic=&#8221;h1&#8243; text_font=&#8221;font-582019&#8243; text_size=&#8221;fontsize-160000&#8243; text_weight=&#8221;700&#8243; text_transform=&#8221;uppercase&#8221; text_space=&#8221;fontspace-210350&#8243; uncode_shortcode_id=&#8221;709063&#8243; text_color_type=&#8221;uncode-palette&#8221;]<\/p>\n<p class=\"p1\"><span class=\"s1\">Guia Salarial 2025<\/span><\/p>\n<p>[\/vc_custom_heading][vc_custom_heading text_font=&#8221;font-582019&#8243; text_size=&#8221;fontsize-142436&#8243; text_height=&#8221;fontheight-179065&#8243; uncode_shortcode_id=&#8221;283690&#8243;]\u00bfCu\u00e1nto ganan los <strong>Gerentes Legales <\/strong><strong>y Segundas L\u00edneas<\/strong> del \u00e1rea legal en Chile?[\/vc_custom_heading][vc_custom_heading heading_semantic=&#8221;h4&#8243; text_font=&#8221;font-582019&#8243; text_size=&#8221;h4&#8243; text_weight=&#8221;400&#8243; text_height=&#8221;fontheight-357766&#8243; uncode_shortcode_id=&#8221;131665&#8243;]A continuaci\u00f3n presentamos la versi\u00f3n 2025 de la Gu\u00eda Salarial, elaborada a\u00f1o a a\u00f1o por Idealis Legal Recruitment, correspondiente a Gerentes Legales, Fiscales y\/o Chief Legal Officers de empresas nacionales y multinacionales en Chile.[\/vc_custom_heading][vc_empty_space empty_h=&#8221;1&#8243;][vc_button button_color=&#8221;color-369256&#8243; radius=&#8221;btn-circle&#8221; hover_fx=&#8221;outlined&#8221; border_width=&#8221;0&#8243; link=&#8221;url:https%3A%2F%2Fwww.idealis.cl%2Fen%2Fsalary-guide%2F|title:Guia%20Salarial%202025&#8243; button_color_type=&#8221;uncode-palette&#8221; uncode_shortcode_id=&#8221;193772&#8243;]Leer m\u00e1s[\/vc_button][\/vc_column][vc_column column_width_percent=&#8221;71&#8243; position_vertical=&#8221;middle&#8221; align_horizontal=&#8221;align_center&#8221; gutter_size=&#8221;0&#8243; override_padding=&#8221;yes&#8221; column_padding=&#8221;0&#8243; style=&#8221;dark&#8221; overlay_color=&#8221;color-lxmt&#8221; overlay_alpha=&#8221;92&#8243; shift_x=&#8221;0&#8243; shift_y=&#8221;0&#8243; shift_y_down=&#8221;0&#8243; z_index=&#8221;0&#8243; medium_width=&#8221;0&#8243; mobile_width=&#8221;0&#8243; width=&#8221;1\/2&#8243; uncode_shortcode_id=&#8221;185819&#8243; overlay_color_type=&#8221;uncode-palette&#8221;][vc_single_image media=&#8221;79166&#8243; media_width_percent=&#8221;100&#8243; uncode_shortcode_id=&#8221;100143&#8243;][\/vc_column][\/vc_row]<\/p>\n<\/div>","protected":false},"excerpt":{"rendered":"<p>A continuaci\u00f3n presentamos la versi\u00f3n 2025, correspondiente a Gerentes Legales, Fiscales y\/o Chief Legal Officers de empresas nacionales y multinacionales en Chile.<\/p>\n","protected":false},"author":1,"featured_media":79166,"comment_status":"closed","ping_status":"closed","sticky":false,"template":"","format":"standard","meta":{"footnotes":""},"categories":[73,74],"tags":[],"class_list":["post-79779","post","type-post","status-publish","format-standard","has-post-thumbnail","hentry","category-career","category-salary"],"_links":{"self":[{"href":"https:\/\/www.idealis.cl\/en\/wp-json\/wp\/v2\/posts\/79779","targetHints":{"allow":["GET"]}}],"collection":[{"href":"https:\/\/www.idealis.cl\/en\/wp-json\/wp\/v2\/posts"}],"about":[{"href":"https:\/\/www.idealis.cl\/en\/wp-json\/wp\/v2\/types\/post"}],"author":[{"embeddable":true,"href":"https:\/\/www.idealis.cl\/en\/wp-json\/wp\/v2\/users\/1"}],"replies":[{"embeddable":true,"href":"https:\/\/www.idealis.cl\/en\/wp-json\/wp\/v2\/comments?post=79779"}],"version-history":[{"count":4,"href":"https:\/\/www.idealis.cl\/en\/wp-json\/wp\/v2\/posts\/79779\/revisions"}],"predecessor-version":[{"id":79787,"href":"https:\/\/www.idealis.cl\/en\/wp-json\/wp\/v2\/posts\/79779\/revisions\/79787"}],"wp:featuredmedia":[{"embeddable":true,"href":"https:\/\/www.idealis.cl\/en\/wp-json\/wp\/v2\/media\/79166"}],"wp:attachment":[{"href":"https:\/\/www.idealis.cl\/en\/wp-json\/wp\/v2\/media?parent=79779"}],"wp:term":[{"taxonomy":"category","embeddable":true,"href":"https:\/\/www.idealis.cl\/en\/wp-json\/wp\/v2\/categories?post=79779"},{"taxonomy":"post_tag","embeddable":true,"href":"https:\/\/www.idealis.cl\/en\/wp-json\/wp\/v2\/tags?post=79779"}],"curies":[{"name":"wp","href":"https:\/\/api.w.org\/{rel}","templated":true}]}}